{"id":4970,"date":"2017-12-18T09:43:04","date_gmt":"2017-12-18T12:43:04","guid":{"rendered":"http:\/\/aabbjf.com.br\/novo\/?p=4970"},"modified":"2017-12-18T09:43:04","modified_gmt":"2017-12-18T12:43:04","slug":"musica-ao-vivo-na-aabb-aos-domingos-fernando-gaio","status":"publish","type":"post","link":"https:\/\/aabbjf.com.br\/novo\/musica-ao-vivo-na-aabb-aos-domingos-fernando-gaio\/","title":{"rendered":"M\u00fasica ao Vivo na AABB aos Domingos: Fernando Gaio"},"content":{"rendered":"<p style=\"text-align: justify;\">As apresenta\u00e7\u00f5es musicais na AABB aos domingos em 2017 foram encerradas em grande estilo com o show de Fernando Gaio, que voltou a apresentar e encantar a todos com sua interpreta\u00e7\u00e3o do melhor do pop rock nacional e internacional de todos os tempos.<\/p>\n<p style=\"text-align: justify;\">A apresenta\u00e7\u00e3o, realizada na tarde de domingo (17), teve tamb\u00e9m <em>canja<\/em> de Marcelo Caldeira (m\u00fasico e vice-presidente social da AABB) e Willian Miranda (m\u00fasico e professor de t\u00eanis na AABB).<\/p>\n<p style=\"text-align: center;\"><a href=\"https:\/\/aabbjf.com.br\/novo\/wp-content\/uploads\/2017\/12\/musicavivogaiodez173.jpg\"><img fetchpriority=\"high\" decoding=\"async\" class=\"alignnone wp-image-4972 size-full\" src=\"https:\/\/aabbjf.com.br\/novo\/wp-content\/uploads\/2017\/12\/musicavivogaiodez173.jpg\" alt=\"\" width=\"900\" height=\"675\" srcset=\"https:\/\/aabbjf.com.br\/novo\/wp-content\/uploads\/2017\/12\/musicavivogaiodez173.jpg 900w, https:\/\/aabbjf.com.br\/novo\/wp-content\/uploads\/2017\/12\/musicavivogaiodez173-300x225.jpg 300w, https:\/\/aabbjf.com.br\/novo\/wp-content\/uploads\/2017\/12\/musicavivogaiodez173-768x576.jpg 768w\" sizes=\"(max-width: 900px) 100vw, 900px\" \/><\/a><strong>Domingo ensolarado e m\u00fasica ao vivo movimentaram o parque aqu\u00e1tico do clube<\/strong><\/p>\n<p style=\"text-align: center;\"><a href=\"https:\/\/aabbjf.com.br\/novo\/wp-content\/uploads\/2017\/12\/musicavivogaiodez172.jpg\"><img decoding=\"async\" class=\"alignnone wp-image-4973 size-full\" src=\"https:\/\/aabbjf.com.br\/novo\/wp-content\/uploads\/2017\/12\/musicavivogaiodez172.jpg\" alt=\"\" width=\"900\" height=\"675\" srcset=\"https:\/\/aabbjf.com.br\/novo\/wp-content\/uploads\/2017\/12\/musicavivogaiodez172.jpg 900w, https:\/\/aabbjf.com.br\/novo\/wp-content\/uploads\/2017\/12\/musicavivogaiodez172-300x225.jpg 300w, https:\/\/aabbjf.com.br\/novo\/wp-content\/uploads\/2017\/12\/musicavivogaiodez172-768x576.jpg 768w\" sizes=\"(max-width: 900px) 100vw, 900px\" \/><\/a><strong>Marcelo Caldeira (\u00e0 esq.) deu uma <em>canja<\/em> durante o show de Fernando Gaio<\/strong><\/p>\n","protected":false},"excerpt":{"rendered":"<p>As apresenta\u00e7\u00f5es musicais na AABB aos domingos em 2017 foram encerradas em grande estilo com o show de Fernando Gaio, que voltou a apresentar e encantar a todos com sua interpreta\u00e7\u00e3o do melhor do pop rock nacional e internacional de todos os tempos. A apresenta\u00e7\u00e3o, realizada na tarde de domingo (17), teve tamb\u00e9m canja de [&hellip;]<\/p>\n","protected":false},"author":2,"featured_media":4971,"comment_status":"open","ping_status":"open","sticky":false,"template":"","format":"standard","meta":{"footnotes":""},"categories":[16,1,14],"tags":[],"_links":{"self":[{"href":"https:\/\/aabbjf.com.br\/novo\/wp-json\/wp\/v2\/posts\/4970"}],"collection":[{"href":"https:\/\/aabbjf.com.br\/novo\/wp-json\/wp\/v2\/posts"}],"about":[{"href":"https:\/\/aabbjf.com.br\/novo\/wp-json\/wp\/v2\/types\/post"}],"author":[{"embeddable":true,"href":"https:\/\/aabbjf.com.br\/novo\/wp-json\/wp\/v2\/users\/2"}],"replies":[{"embeddable":true,"href":"https:\/\/aabbjf.com.br\/novo\/wp-json\/wp\/v2\/comments?post=4970"}],"version-history":[{"count":1,"href":"https:\/\/aabbjf.com.br\/novo\/wp-json\/wp\/v2\/posts\/4970\/revisions"}],"predecessor-version":[{"id":4974,"href":"https:\/\/aabbjf.com.br\/novo\/wp-json\/wp\/v2\/posts\/4970\/revisions\/4974"}],"wp:featuredmedia":[{"embeddable":true,"href":"https:\/\/aabbjf.com.br\/novo\/wp-json\/wp\/v2\/media\/4971"}],"wp:attachment":[{"href":"https:\/\/aabbjf.com.br\/novo\/wp-json\/wp\/v2\/media?parent=4970"}],"wp:term":[{"taxonomy":"category","embeddable":true,"href":"https:\/\/aabbjf.com.br\/novo\/wp-json\/wp\/v2\/categories?post=4970"},{"taxonomy":"post_tag","embeddable":true,"href":"https:\/\/aabbjf.com.br\/novo\/wp-json\/wp\/v2\/tags?post=4970"}],"curies":[{"name":"wp","href":"https:\/\/api.w.org\/{rel}","templated":true}]}}