{"id":4561,"date":"2017-12-05T07:06:14","date_gmt":"2017-12-05T10:06:14","guid":{"rendered":"http:\/\/aabbjf.com.br\/novo\/?p=4561"},"modified":"2017-12-05T07:09:50","modified_gmt":"2017-12-05T10:09:50","slug":"nadadores-da-aabb-participam-do-festival-sesi-fiemg-de-natacao","status":"publish","type":"post","link":"https:\/\/aabbjf.com.br\/novo\/nadadores-da-aabb-participam-do-festival-sesi-fiemg-de-natacao\/","title":{"rendered":"Nadadores da AABB participam do Festival SESI FIEMG de Nata\u00e7\u00e3o"},"content":{"rendered":"<p style=\"text-align: justify;\">Nadadores da AABB-JF, Rosanne Cordeiro, Ivo\u00a0Bandeira e Wania Sarmento (foto)\u00a0estiveram participando de provas durante a realiza\u00e7\u00e3o do <strong><em>Festival SESI FIEMG de Nata\u00e7\u00e3o<\/em><\/strong>, sob a coordena\u00e7\u00e3o do professor Wandinho, que marcou a inaugura\u00e7\u00e3o do novo parque aqu\u00e1tico coberto do SESI FIEMG Juiz de Fora.<\/p>\n<p style=\"text-align: center;\"><a href=\"https:\/\/aabbjf.com.br\/novo\/wp-content\/uploads\/2017\/12\/festivalsesidez176.jpg\"><img fetchpriority=\"high\" decoding=\"async\" class=\"alignnone wp-image-4564 size-full\" src=\"https:\/\/aabbjf.com.br\/novo\/wp-content\/uploads\/2017\/12\/festivalsesidez176.jpg\" alt=\"\" width=\"960\" height=\"720\" srcset=\"https:\/\/aabbjf.com.br\/novo\/wp-content\/uploads\/2017\/12\/festivalsesidez176.jpg 960w, https:\/\/aabbjf.com.br\/novo\/wp-content\/uploads\/2017\/12\/festivalsesidez176-300x225.jpg 300w, https:\/\/aabbjf.com.br\/novo\/wp-content\/uploads\/2017\/12\/festivalsesidez176-768x576.jpg 768w\" sizes=\"(max-width: 960px) 100vw, 960px\" \/><\/a> <a href=\"https:\/\/aabbjf.com.br\/novo\/wp-content\/uploads\/2017\/12\/festivalsesidez178.jpg\"><img decoding=\"async\" class=\"alignnone wp-image-4566 size-full\" src=\"https:\/\/aabbjf.com.br\/novo\/wp-content\/uploads\/2017\/12\/festivalsesidez178.jpg\" alt=\"\" width=\"854\" height=\"640\" srcset=\"https:\/\/aabbjf.com.br\/novo\/wp-content\/uploads\/2017\/12\/festivalsesidez178.jpg 854w, https:\/\/aabbjf.com.br\/novo\/wp-content\/uploads\/2017\/12\/festivalsesidez178-300x225.jpg 300w, https:\/\/aabbjf.com.br\/novo\/wp-content\/uploads\/2017\/12\/festivalsesidez178-768x576.jpg 768w\" sizes=\"(max-width: 854px) 100vw, 854px\" \/><\/a><strong>Festival de Nata\u00e7\u00e3o comemorativo ao novo parque aqu\u00e1tico do SESI FIEMG Juiz de Fora<\/strong><\/p>\n","protected":false},"excerpt":{"rendered":"<p>Nadadores da AABB-JF, Rosanne Cordeiro, Ivo\u00a0Bandeira e Wania Sarmento (foto)\u00a0estiveram participando de provas durante a realiza\u00e7\u00e3o do Festival SESI FIEMG de Nata\u00e7\u00e3o, sob a coordena\u00e7\u00e3o do professor Wandinho, que marcou a inaugura\u00e7\u00e3o do novo parque aqu\u00e1tico coberto do SESI FIEMG Juiz de Fora. Festival de Nata\u00e7\u00e3o comemorativo ao novo parque aqu\u00e1tico do SESI FIEMG Juiz [&hellip;]<\/p>\n","protected":false},"author":2,"featured_media":4562,"comment_status":"open","ping_status":"open","sticky":false,"template":"","format":"standard","meta":{"footnotes":""},"categories":[16,13,1],"tags":[],"_links":{"self":[{"href":"https:\/\/aabbjf.com.br\/novo\/wp-json\/wp\/v2\/posts\/4561"}],"collection":[{"href":"https:\/\/aabbjf.com.br\/novo\/wp-json\/wp\/v2\/posts"}],"about":[{"href":"https:\/\/aabbjf.com.br\/novo\/wp-json\/wp\/v2\/types\/post"}],"author":[{"embeddable":true,"href":"https:\/\/aabbjf.com.br\/novo\/wp-json\/wp\/v2\/users\/2"}],"replies":[{"embeddable":true,"href":"https:\/\/aabbjf.com.br\/novo\/wp-json\/wp\/v2\/comments?post=4561"}],"version-history":[{"count":3,"href":"https:\/\/aabbjf.com.br\/novo\/wp-json\/wp\/v2\/posts\/4561\/revisions"}],"predecessor-version":[{"id":4567,"href":"https:\/\/aabbjf.com.br\/novo\/wp-json\/wp\/v2\/posts\/4561\/revisions\/4567"}],"wp:featuredmedia":[{"embeddable":true,"href":"https:\/\/aabbjf.com.br\/novo\/wp-json\/wp\/v2\/media\/4562"}],"wp:attachment":[{"href":"https:\/\/aabbjf.com.br\/novo\/wp-json\/wp\/v2\/media?parent=4561"}],"wp:term":[{"taxonomy":"category","embeddable":true,"href":"https:\/\/aabbjf.com.br\/novo\/wp-json\/wp\/v2\/categories?post=4561"},{"taxonomy":"post_tag","embeddable":true,"href":"https:\/\/aabbjf.com.br\/novo\/wp-json\/wp\/v2\/tags?post=4561"}],"curies":[{"name":"wp","href":"https:\/\/api.w.org\/{rel}","templated":true}]}}