{"id":4532,"date":"2017-12-05T06:29:33","date_gmt":"2017-12-05T09:29:33","guid":{"rendered":"http:\/\/aabbjf.com.br\/novo\/?p=4532"},"modified":"2017-12-05T06:41:06","modified_gmt":"2017-12-05T09:41:06","slug":"titulos-internacionais-e-nacionais-conquistados-por-alexandre-ank","status":"publish","type":"post","link":"https:\/\/aabbjf.com.br\/novo\/titulos-internacionais-e-nacionais-conquistados-por-alexandre-ank\/","title":{"rendered":"T\u00edtulos internacionais e nacionais conquistados por Alexandre Ank"},"content":{"rendered":"<p style=\"text-align: center;\"><strong>T\u00edtulos Internacionais de Dezembro 2016 a Dezembro 2017<\/strong><\/p>\n<p style=\"text-align: left;\"><strong>1\u00ba Lugar \u2013<\/strong> <strong>2016: <\/strong>Copa Costa Rica (Ouro em Teams class 4-5 &#8211; Etapa Mundial<\/p>\n<p style=\"text-align: left;\"><strong>1\u00ba Lugar &#8211; 2016:<\/strong> Copa Costa Rica (Ouro em Singles class 3-4 &#8211; Etapa Mundial)<\/p>\n<p style=\"text-align: left;\"><strong>3\u00ba Lugar &#8211; 2017: <\/strong>Copa Tango XI (Bronze em Teams class 4-5 &#8211; Etapa Mundial)<\/p>\n<p style=\"text-align: left;\"><strong>2\u00ba Lugar &#8211; 2017:<\/strong> Copa Tango XI (Prata em Singles class 4 &#8211; Etapa Mundial)<\/p>\n<p style=\"text-align: left;\"><strong>3\u00ba Lugar &#8211; 2017:<\/strong> Copa Costa Rica (Bronze em Singles class 4 &#8211; Etapa Mundial)<\/p>\n<p style=\"text-align: center;\"><strong>T\u00edtulos Nacionais em 2017<br \/>\n<\/strong>(Individual Classe 4 Paral\u00edmpico)<\/p>\n<p style=\"text-align: left;\"><strong>1\u00ba Lugar &#8211;<\/strong> Copa Brasil Paral\u00edmpico Sul-Sudeste &#8211; Maring\u00e1 (PR)<\/p>\n<p style=\"text-align: left;\"><strong>1\u00ba Lugar &#8211;<\/strong> Copa Nordeste Paral\u00edmpico &#8211; Macei\u00f3 (AL)<\/p>\n<p style=\"text-align: left;\"><strong>1\u00ba Lugar &#8211;<\/strong> 51\u00ba Campeonato Brasileiro de Ver\u00e3o &#8211; Toledo (PR)<\/p>\n<p><strong>2\u00ba Lugar &#8211;<\/strong> Copa Brasil Centen\u00e1rio de Joa\u00e7aba \u2013 Joa\u00e7ada (SC)<\/p>\n<p><strong>2\u00ba Lugar &#8211;<\/strong> Copa Brasil Centro-Norte-Nordeste &#8211; Bras\u00edlia (DF)<\/p>\n<p style=\"text-align: center;\"><a href=\"https:\/\/aabbjf.com.br\/novo\/wp-content\/uploads\/2017\/12\/alexandreankresulatdostemporada20173.jpg\"><img fetchpriority=\"high\" decoding=\"async\" class=\"alignnone wp-image-4537 size-full\" src=\"https:\/\/aabbjf.com.br\/novo\/wp-content\/uploads\/2017\/12\/alexandreankresulatdostemporada20173.jpg\" alt=\"\" width=\"843\" height=\"900\" srcset=\"https:\/\/aabbjf.com.br\/novo\/wp-content\/uploads\/2017\/12\/alexandreankresulatdostemporada20173.jpg 843w, https:\/\/aabbjf.com.br\/novo\/wp-content\/uploads\/2017\/12\/alexandreankresulatdostemporada20173-281x300.jpg 281w, https:\/\/aabbjf.com.br\/novo\/wp-content\/uploads\/2017\/12\/alexandreankresulatdostemporada20173-768x820.jpg 768w\" sizes=\"(max-width: 843px) 100vw, 843px\" \/><\/a> <a href=\"https:\/\/aabbjf.com.br\/novo\/wp-content\/uploads\/2017\/12\/alexandreankresulatdostemporada20174.jpg\"><img decoding=\"async\" class=\"alignnone wp-image-4538 size-full\" src=\"https:\/\/aabbjf.com.br\/novo\/wp-content\/uploads\/2017\/12\/alexandreankresulatdostemporada20174.jpg\" alt=\"\" width=\"900\" height=\"876\" srcset=\"https:\/\/aabbjf.com.br\/novo\/wp-content\/uploads\/2017\/12\/alexandreankresulatdostemporada20174.jpg 900w, https:\/\/aabbjf.com.br\/novo\/wp-content\/uploads\/2017\/12\/alexandreankresulatdostemporada20174-300x292.jpg 300w, https:\/\/aabbjf.com.br\/novo\/wp-content\/uploads\/2017\/12\/alexandreankresulatdostemporada20174-768x748.jpg 768w\" sizes=\"(max-width: 900px) 100vw, 900px\" \/><\/a> <a href=\"https:\/\/aabbjf.com.br\/novo\/wp-content\/uploads\/2017\/12\/alexandreankresulatdostemporada20175.jpg\"><img decoding=\"async\" class=\"alignnone wp-image-4539 size-full\" src=\"https:\/\/aabbjf.com.br\/novo\/wp-content\/uploads\/2017\/12\/alexandreankresulatdostemporada20175.jpg\" alt=\"\" width=\"900\" height=\"507\" srcset=\"https:\/\/aabbjf.com.br\/novo\/wp-content\/uploads\/2017\/12\/alexandreankresulatdostemporada20175.jpg 900w, https:\/\/aabbjf.com.br\/novo\/wp-content\/uploads\/2017\/12\/alexandreankresulatdostemporada20175-300x169.jpg 300w, https:\/\/aabbjf.com.br\/novo\/wp-content\/uploads\/2017\/12\/alexandreankresulatdostemporada20175-768x433.jpg 768w\" sizes=\"(max-width: 900px) 100vw, 900px\" \/><\/a> <a href=\"https:\/\/aabbjf.com.br\/novo\/wp-content\/uploads\/2017\/12\/alexandreankresulatdostemporada20176.jpg\"><img loading=\"lazy\" decoding=\"async\" class=\"alignnone wp-image-4540 size-full\" src=\"https:\/\/aabbjf.com.br\/novo\/wp-content\/uploads\/2017\/12\/alexandreankresulatdostemporada20176.jpg\" alt=\"\" width=\"900\" height=\"609\" srcset=\"https:\/\/aabbjf.com.br\/novo\/wp-content\/uploads\/2017\/12\/alexandreankresulatdostemporada20176.jpg 900w, https:\/\/aabbjf.com.br\/novo\/wp-content\/uploads\/2017\/12\/alexandreankresulatdostemporada20176-300x203.jpg 300w, https:\/\/aabbjf.com.br\/novo\/wp-content\/uploads\/2017\/12\/alexandreankresulatdostemporada20176-768x520.jpg 768w\" sizes=\"(max-width: 900px) 100vw, 900px\" \/><\/a> <a href=\"https:\/\/aabbjf.com.br\/novo\/wp-content\/uploads\/2017\/12\/alexandreankresulatdostemporada20177.jpg\"><img loading=\"lazy\" decoding=\"async\" class=\"alignnone wp-image-4541 size-full\" src=\"https:\/\/aabbjf.com.br\/novo\/wp-content\/uploads\/2017\/12\/alexandreankresulatdostemporada20177.jpg\" alt=\"\" width=\"900\" height=\"621\" srcset=\"https:\/\/aabbjf.com.br\/novo\/wp-content\/uploads\/2017\/12\/alexandreankresulatdostemporada20177.jpg 900w, https:\/\/aabbjf.com.br\/novo\/wp-content\/uploads\/2017\/12\/alexandreankresulatdostemporada20177-300x207.jpg 300w, https:\/\/aabbjf.com.br\/novo\/wp-content\/uploads\/2017\/12\/alexandreankresulatdostemporada20177-768x530.jpg 768w\" sizes=\"(max-width: 900px) 100vw, 900px\" \/><\/a> <a href=\"https:\/\/aabbjf.com.br\/novo\/wp-content\/uploads\/2017\/12\/alexandreankresulatdostemporada20178.jpg\"><img loading=\"lazy\" decoding=\"async\" class=\"alignnone wp-image-4543 size-full\" src=\"https:\/\/aabbjf.com.br\/novo\/wp-content\/uploads\/2017\/12\/alexandreankresulatdostemporada20178.jpg\" alt=\"\" width=\"900\" height=\"617\" srcset=\"https:\/\/aabbjf.com.br\/novo\/wp-content\/uploads\/2017\/12\/alexandreankresulatdostemporada20178.jpg 900w, https:\/\/aabbjf.com.br\/novo\/wp-content\/uploads\/2017\/12\/alexandreankresulatdostemporada20178-300x206.jpg 300w, https:\/\/aabbjf.com.br\/novo\/wp-content\/uploads\/2017\/12\/alexandreankresulatdostemporada20178-768x527.jpg 768w\" sizes=\"(max-width: 900px) 100vw, 900px\" \/><\/a> <a href=\"https:\/\/aabbjf.com.br\/novo\/wp-content\/uploads\/2017\/12\/alexandreankresulatdostemporada201710.jpg\"><img loading=\"lazy\" decoding=\"async\" class=\"alignnone wp-image-4544 size-full\" src=\"https:\/\/aabbjf.com.br\/novo\/wp-content\/uploads\/2017\/12\/alexandreankresulatdostemporada201710.jpg\" alt=\"\" width=\"900\" height=\"675\" srcset=\"https:\/\/aabbjf.com.br\/novo\/wp-content\/uploads\/2017\/12\/alexandreankresulatdostemporada201710.jpg 900w, https:\/\/aabbjf.com.br\/novo\/wp-content\/uploads\/2017\/12\/alexandreankresulatdostemporada201710-300x225.jpg 300w, https:\/\/aabbjf.com.br\/novo\/wp-content\/uploads\/2017\/12\/alexandreankresulatdostemporada201710-768x576.jpg 768w\" sizes=\"(max-width: 900px) 100vw, 900px\" \/><\/a> <a href=\"https:\/\/aabbjf.com.br\/novo\/wp-content\/uploads\/2017\/12\/alexandreankresulatdostemporada201729.jpg\"><img loading=\"lazy\" decoding=\"async\" class=\"alignnone wp-image-4545 size-full\" src=\"https:\/\/aabbjf.com.br\/novo\/wp-content\/uploads\/2017\/12\/alexandreankresulatdostemporada201729.jpg\" alt=\"\" width=\"900\" height=\"507\" srcset=\"https:\/\/aabbjf.com.br\/novo\/wp-content\/uploads\/2017\/12\/alexandreankresulatdostemporada201729.jpg 900w, https:\/\/aabbjf.com.br\/novo\/wp-content\/uploads\/2017\/12\/alexandreankresulatdostemporada201729-300x169.jpg 300w, https:\/\/aabbjf.com.br\/novo\/wp-content\/uploads\/2017\/12\/alexandreankresulatdostemporada201729-768x433.jpg 768w\" sizes=\"(max-width: 900px) 100vw, 900px\" \/><\/a><strong>Mesatenista paral\u00edmpico juiz-forano esteve muitas vezes no p\u00f3dio entre dezembro de 2016 e dezembro de 2017<\/strong><\/p>\n<p style=\"text-align: center;\"><a href=\"https:\/\/aabbjf.com.br\/novo\/wp-content\/uploads\/2017\/12\/meritoesportivopanathlon2017relacao.jpg\"><img loading=\"lazy\" decoding=\"async\" class=\"alignnone wp-image-4546 size-full\" src=\"https:\/\/aabbjf.com.br\/novo\/wp-content\/uploads\/2017\/12\/meritoesportivopanathlon2017relacao.jpg\" alt=\"\" width=\"746\" height=\"960\" srcset=\"https:\/\/aabbjf.com.br\/novo\/wp-content\/uploads\/2017\/12\/meritoesportivopanathlon2017relacao.jpg 746w, https:\/\/aabbjf.com.br\/novo\/wp-content\/uploads\/2017\/12\/meritoesportivopanathlon2017relacao-233x300.jpg 233w\" sizes=\"(max-width: 746px) 100vw, 746px\" \/><\/a><strong>Alexandre Ank fechou a Temporada 2017 com o t\u00edtulo de campe\u00e3o do <em>Ranking Brasileiro e Seletiva Parapan <\/em>em sua classe no T\u00eanis de Mesa Paral\u00edmpico, bem como foi agraciado mais uma vez com o M\u00e9rito Esportivo Panathlon 2017<\/strong><\/p>\n","protected":false},"excerpt":{"rendered":"<p>T\u00edtulos Internacionais de Dezembro 2016 a Dezembro 2017 1\u00ba Lugar \u2013 2016: Copa Costa Rica (Ouro em Teams class 4-5 &#8211; Etapa Mundial 1\u00ba Lugar &#8211; 2016: Copa Costa Rica (Ouro em Singles class 3-4 &#8211; Etapa Mundial) 3\u00ba Lugar &#8211; 2017: Copa Tango XI (Bronze em Teams class 4-5 &#8211; Etapa Mundial) 2\u00ba Lugar [&hellip;]<\/p>\n","protected":false},"author":2,"featured_media":4535,"comment_status":"open","ping_status":"open","sticky":false,"template":"","format":"standard","meta":{"footnotes":""},"categories":[16,13,1],"tags":[],"_links":{"self":[{"href":"https:\/\/aabbjf.com.br\/novo\/wp-json\/wp\/v2\/posts\/4532"}],"collection":[{"href":"https:\/\/aabbjf.com.br\/novo\/wp-json\/wp\/v2\/posts"}],"about":[{"href":"https:\/\/aabbjf.com.br\/novo\/wp-json\/wp\/v2\/types\/post"}],"author":[{"embeddable":true,"href":"https:\/\/aabbjf.com.br\/novo\/wp-json\/wp\/v2\/users\/2"}],"replies":[{"embeddable":true,"href":"https:\/\/aabbjf.com.br\/novo\/wp-json\/wp\/v2\/comments?post=4532"}],"version-history":[{"count":5,"href":"https:\/\/aabbjf.com.br\/novo\/wp-json\/wp\/v2\/posts\/4532\/revisions"}],"predecessor-version":[{"id":4548,"href":"https:\/\/aabbjf.com.br\/novo\/wp-json\/wp\/v2\/posts\/4532\/revisions\/4548"}],"wp:featuredmedia":[{"embeddable":true,"href":"https:\/\/aabbjf.com.br\/novo\/wp-json\/wp\/v2\/media\/4535"}],"wp:attachment":[{"href":"https:\/\/aabbjf.com.br\/novo\/wp-json\/wp\/v2\/media?parent=4532"}],"wp:term":[{"taxonomy":"category","embeddable":true,"href":"https:\/\/aabbjf.com.br\/novo\/wp-json\/wp\/v2\/categories?post=4532"},{"taxonomy":"post_tag","embeddable":true,"href":"https:\/\/aabbjf.com.br\/novo\/wp-json\/wp\/v2\/tags?post=4532"}],"curies":[{"name":"wp","href":"https:\/\/api.w.org\/{rel}","templated":true}]}}