{"id":37550,"date":"2026-03-12T12:24:38","date_gmt":"2026-03-12T15:24:38","guid":{"rendered":"https:\/\/aabbjf.com.br\/novo\/?p=37550"},"modified":"2026-03-19T09:16:57","modified_gmt":"2026-03-19T12:16:57","slug":"fenabb-se-reune-com-a-pjf","status":"publish","type":"post","link":"https:\/\/aabbjf.com.br\/novo\/fenabb-se-reune-com-a-pjf\/","title":{"rendered":"FENABB se re\u00fane com a PJF: enchentes e desabamentos em Juiz de Fora"},"content":{"rendered":"\n<p class=\"has-text-align-center\">Em encontro realizado na noite de ter\u00e7a-feira, 10 de mar\u00e7o, na Prefeitura de Juiz de Fora, o Vice-Presidente da Federa\u00e7\u00e3o Nacional de AABBs (FENABB), Guilherme Collares, esteve reunido com a Prefeita Margarida Salom\u00e3o, em que foram apresentadas as iniciativas e ajuda humanit\u00e1ria da FENABB, das AABBs de Minas Gerais e da Funda\u00e7\u00e3o Banco do Brasil (FBB) frente \u00e0s enchentes de Juiz de Fora e regi\u00e3o.<\/p>\n\n\n\n<p class=\"has-text-align-center\">No encontro, estiveram presentes tamb\u00e9m o Presidente da FBB, Andr\u00e9 Machado, a Superintendente Regional do Setor P\u00fablico BB, Melissa Z\u00e1rate, o Gerente do Setor P\u00fablico BB, C\u00e1ssio Junior, o Presidente da AABB-JF, Ant\u00f4nio (Toninho) Pereira de Carvalho Filho e o Vice-Presidente Administrativo da AABB-JF, D\u00e9lio Batista Lamas.<\/p>\n","protected":false},"excerpt":{"rendered":"<p>Em encontro realizado na noite de ter\u00e7a-feira, 10 de mar\u00e7o, na Prefeitura de Juiz de Fora, o Vice-Presidente da Federa\u00e7\u00e3o Nacional de AABBs (FENABB), Guilherme Collares, esteve reunido com a Prefeita Margarida Salom\u00e3o, em que foram apresentadas as iniciativas e ajuda humanit\u00e1ria da FENABB, das AABBs de Minas Gerais e da Funda\u00e7\u00e3o Banco do Brasil [&hellip;]<\/p>\n","protected":false},"author":2,"featured_media":37551,"comment_status":"closed","ping_status":"closed","sticky":false,"template":"","format":"standard","meta":{"footnotes":""},"categories":[1,14],"tags":[],"_links":{"self":[{"href":"https:\/\/aabbjf.com.br\/novo\/wp-json\/wp\/v2\/posts\/37550"}],"collection":[{"href":"https:\/\/aabbjf.com.br\/novo\/wp-json\/wp\/v2\/posts"}],"about":[{"href":"https:\/\/aabbjf.com.br\/novo\/wp-json\/wp\/v2\/types\/post"}],"author":[{"embeddable":true,"href":"https:\/\/aabbjf.com.br\/novo\/wp-json\/wp\/v2\/users\/2"}],"replies":[{"embeddable":true,"href":"https:\/\/aabbjf.com.br\/novo\/wp-json\/wp\/v2\/comments?post=37550"}],"version-history":[{"count":2,"href":"https:\/\/aabbjf.com.br\/novo\/wp-json\/wp\/v2\/posts\/37550\/revisions"}],"predecessor-version":[{"id":37591,"href":"https:\/\/aabbjf.com.br\/novo\/wp-json\/wp\/v2\/posts\/37550\/revisions\/37591"}],"wp:featuredmedia":[{"embeddable":true,"href":"https:\/\/aabbjf.com.br\/novo\/wp-json\/wp\/v2\/media\/37551"}],"wp:attachment":[{"href":"https:\/\/aabbjf.com.br\/novo\/wp-json\/wp\/v2\/media?parent=37550"}],"wp:term":[{"taxonomy":"category","embeddable":true,"href":"https:\/\/aabbjf.com.br\/novo\/wp-json\/wp\/v2\/categories?post=37550"},{"taxonomy":"post_tag","embeddable":true,"href":"https:\/\/aabbjf.com.br\/novo\/wp-json\/wp\/v2\/tags?post=37550"}],"curies":[{"name":"wp","href":"https:\/\/api.w.org\/{rel}","templated":true}]}}