{"id":37539,"date":"2026-03-12T12:08:24","date_gmt":"2026-03-12T15:08:24","guid":{"rendered":"https:\/\/aabbjf.com.br\/novo\/?p=37539"},"modified":"2026-03-12T12:08:45","modified_gmt":"2026-03-12T15:08:45","slug":"dia-internacional-da-mulher","status":"publish","type":"post","link":"https:\/\/aabbjf.com.br\/novo\/dia-internacional-da-mulher\/","title":{"rendered":"Dia Internacional da Mulher"},"content":{"rendered":"\n<p class=\"has-text-align-center\">O Dia Internacional da Mulher, comemorado no \u00faltimo domingo, 08 de mar\u00e7o, foi um cen\u00e1rio de celebra\u00e7\u00e3o e integra\u00e7\u00e3o na AABB.<\/p>\n\n\n\n<p class=\"has-text-align-center\">Com o c\u00e9u aberto e o clima t\u00edpico das melhores tardes de lazer no clube, o dia foi marcado por uma atmosfera vibrante que uniu conv\u00edvio social e m\u00fasica de qualidade ao som de Roger Resende &amp; Convidados com o melhor do samba e da MPB.<\/p>\n\n\n\n<p class=\"has-text-align-center\">Foi, sem d\u00favida, uma homenagem \u00e0 altura da import\u00e2ncia da data, celebrando o papel das mulheres com alegria, respeito e muita cultura.<\/p>\n\n\n\n<figure class=\"wp-block-gallery has-nested-images columns-default is-cropped wp-block-gallery-1 is-layout-flex wp-block-gallery-is-layout-flex\">\n<figure class=\"wp-block-image size-large\"><a href=\"https:\/\/aabbjf.com.br\/novo\/wp-content\/uploads\/2026\/03\/2.jpg\"><img fetchpriority=\"high\" decoding=\"async\" width=\"768\" height=\"1024\" data-id=\"37542\" src=\"https:\/\/aabbjf.com.br\/novo\/wp-content\/uploads\/2026\/03\/2-768x1024.jpg\" alt=\"\" class=\"wp-image-37542\" srcset=\"https:\/\/aabbjf.com.br\/novo\/wp-content\/uploads\/2026\/03\/2-768x1024.jpg 768w, https:\/\/aabbjf.com.br\/novo\/wp-content\/uploads\/2026\/03\/2-225x300.jpg 225w, https:\/\/aabbjf.com.br\/novo\/wp-content\/uploads\/2026\/03\/2.jpg 1080w\" sizes=\"(max-width: 768px) 100vw, 768px\" \/><\/a><\/figure>\n\n\n\n<figure class=\"wp-block-image size-large\"><a href=\"https:\/\/aabbjf.com.br\/novo\/wp-content\/uploads\/2026\/03\/3.jpg\"><img decoding=\"async\" width=\"753\" height=\"1000\" data-id=\"37546\" src=\"https:\/\/aabbjf.com.br\/novo\/wp-content\/uploads\/2026\/03\/3.jpg\" alt=\"\" class=\"wp-image-37546\" srcset=\"https:\/\/aabbjf.com.br\/novo\/wp-content\/uploads\/2026\/03\/3.jpg 753w, https:\/\/aabbjf.com.br\/novo\/wp-content\/uploads\/2026\/03\/3-226x300.jpg 226w\" sizes=\"(max-width: 753px) 100vw, 753px\" \/><\/a><\/figure>\n\n\n\n<figure class=\"wp-block-image size-large\"><a href=\"https:\/\/aabbjf.com.br\/novo\/wp-content\/uploads\/2026\/03\/4.jpg\"><img decoding=\"async\" width=\"753\" height=\"1000\" data-id=\"37547\" src=\"https:\/\/aabbjf.com.br\/novo\/wp-content\/uploads\/2026\/03\/4.jpg\" alt=\"\" class=\"wp-image-37547\" srcset=\"https:\/\/aabbjf.com.br\/novo\/wp-content\/uploads\/2026\/03\/4.jpg 753w, https:\/\/aabbjf.com.br\/novo\/wp-content\/uploads\/2026\/03\/4-226x300.jpg 226w\" sizes=\"(max-width: 753px) 100vw, 753px\" \/><\/a><\/figure>\n\n\n\n<figure class=\"wp-block-image size-large\"><a href=\"https:\/\/aabbjf.com.br\/novo\/wp-content\/uploads\/2026\/03\/5.jpg\"><img loading=\"lazy\" decoding=\"async\" width=\"753\" height=\"1000\" data-id=\"37548\" src=\"https:\/\/aabbjf.com.br\/novo\/wp-content\/uploads\/2026\/03\/5.jpg\" alt=\"\" class=\"wp-image-37548\" srcset=\"https:\/\/aabbjf.com.br\/novo\/wp-content\/uploads\/2026\/03\/5.jpg 753w, https:\/\/aabbjf.com.br\/novo\/wp-content\/uploads\/2026\/03\/5-226x300.jpg 226w\" sizes=\"(max-width: 753px) 100vw, 753px\" \/><\/a><\/figure>\n\n\n\n<figure class=\"wp-block-image size-large\"><a href=\"https:\/\/aabbjf.com.br\/novo\/wp-content\/uploads\/2026\/03\/6.jpg\"><img loading=\"lazy\" decoding=\"async\" width=\"750\" height=\"1000\" data-id=\"37545\" src=\"https:\/\/aabbjf.com.br\/novo\/wp-content\/uploads\/2026\/03\/6.jpg\" alt=\"\" class=\"wp-image-37545\" srcset=\"https:\/\/aabbjf.com.br\/novo\/wp-content\/uploads\/2026\/03\/6.jpg 750w, https:\/\/aabbjf.com.br\/novo\/wp-content\/uploads\/2026\/03\/6-225x300.jpg 225w\" sizes=\"(max-width: 750px) 100vw, 750px\" \/><\/a><\/figure>\n\n\n\n<figure class=\"wp-block-image size-large\"><a href=\"https:\/\/aabbjf.com.br\/novo\/wp-content\/uploads\/2026\/03\/7.jpg\"><img loading=\"lazy\" decoding=\"async\" width=\"753\" height=\"1000\" data-id=\"37544\" src=\"https:\/\/aabbjf.com.br\/novo\/wp-content\/uploads\/2026\/03\/7.jpg\" alt=\"\" class=\"wp-image-37544\" srcset=\"https:\/\/aabbjf.com.br\/novo\/wp-content\/uploads\/2026\/03\/7.jpg 753w, https:\/\/aabbjf.com.br\/novo\/wp-content\/uploads\/2026\/03\/7-226x300.jpg 226w\" sizes=\"(max-width: 753px) 100vw, 753px\" \/><\/a><\/figure>\n\n\n\n<figure class=\"wp-block-image size-large\"><a href=\"https:\/\/aabbjf.com.br\/novo\/wp-content\/uploads\/2026\/03\/8.jpg\"><img loading=\"lazy\" decoding=\"async\" width=\"753\" height=\"1000\" data-id=\"37543\" src=\"https:\/\/aabbjf.com.br\/novo\/wp-content\/uploads\/2026\/03\/8.jpg\" alt=\"\" class=\"wp-image-37543\" srcset=\"https:\/\/aabbjf.com.br\/novo\/wp-content\/uploads\/2026\/03\/8.jpg 753w, https:\/\/aabbjf.com.br\/novo\/wp-content\/uploads\/2026\/03\/8-226x300.jpg 226w\" sizes=\"(max-width: 753px) 100vw, 753px\" \/><\/a><\/figure>\n\n\n\n<figure class=\"wp-block-image size-large\"><a href=\"https:\/\/aabbjf.com.br\/novo\/wp-content\/uploads\/2026\/03\/9.jpg\"><img loading=\"lazy\" decoding=\"async\" width=\"753\" height=\"1000\" data-id=\"37541\" src=\"https:\/\/aabbjf.com.br\/novo\/wp-content\/uploads\/2026\/03\/9.jpg\" alt=\"\" class=\"wp-image-37541\" srcset=\"https:\/\/aabbjf.com.br\/novo\/wp-content\/uploads\/2026\/03\/9.jpg 753w, https:\/\/aabbjf.com.br\/novo\/wp-content\/uploads\/2026\/03\/9-226x300.jpg 226w\" sizes=\"(max-width: 753px) 100vw, 753px\" \/><\/a><\/figure>\n<\/figure>\n","protected":false},"excerpt":{"rendered":"<p>O Dia Internacional da Mulher, comemorado no \u00faltimo domingo, 08 de mar\u00e7o, foi um cen\u00e1rio de celebra\u00e7\u00e3o e integra\u00e7\u00e3o na AABB. Com o c\u00e9u aberto e o clima t\u00edpico das melhores tardes de lazer no clube, o dia foi marcado por uma atmosfera vibrante que uniu conv\u00edvio social e m\u00fasica de qualidade ao som de [&hellip;]<\/p>\n","protected":false},"author":2,"featured_media":37540,"comment_status":"closed","ping_status":"closed","sticky":false,"template":"","format":"standard","meta":{"footnotes":""},"categories":[1,14],"tags":[],"_links":{"self":[{"href":"https:\/\/aabbjf.com.br\/novo\/wp-json\/wp\/v2\/posts\/37539"}],"collection":[{"href":"https:\/\/aabbjf.com.br\/novo\/wp-json\/wp\/v2\/posts"}],"about":[{"href":"https:\/\/aabbjf.com.br\/novo\/wp-json\/wp\/v2\/types\/post"}],"author":[{"embeddable":true,"href":"https:\/\/aabbjf.com.br\/novo\/wp-json\/wp\/v2\/users\/2"}],"replies":[{"embeddable":true,"href":"https:\/\/aabbjf.com.br\/novo\/wp-json\/wp\/v2\/comments?post=37539"}],"version-history":[{"count":1,"href":"https:\/\/aabbjf.com.br\/novo\/wp-json\/wp\/v2\/posts\/37539\/revisions"}],"predecessor-version":[{"id":37549,"href":"https:\/\/aabbjf.com.br\/novo\/wp-json\/wp\/v2\/posts\/37539\/revisions\/37549"}],"wp:featuredmedia":[{"embeddable":true,"href":"https:\/\/aabbjf.com.br\/novo\/wp-json\/wp\/v2\/media\/37540"}],"wp:attachment":[{"href":"https:\/\/aabbjf.com.br\/novo\/wp-json\/wp\/v2\/media?parent=37539"}],"wp:term":[{"taxonomy":"category","embeddable":true,"href":"https:\/\/aabbjf.com.br\/novo\/wp-json\/wp\/v2\/categories?post=37539"},{"taxonomy":"post_tag","embeddable":true,"href":"https:\/\/aabbjf.com.br\/novo\/wp-json\/wp\/v2\/tags?post=37539"}],"curies":[{"name":"wp","href":"https:\/\/api.w.org\/{rel}","templated":true}]}}