{"id":36081,"date":"2025-10-17T08:30:10","date_gmt":"2025-10-17T11:30:10","guid":{"rendered":"https:\/\/aabbjf.com.br\/novo\/?p=36081"},"modified":"2025-10-17T08:30:13","modified_gmt":"2025-10-17T11:30:13","slug":"aabb-recebe-visita-de-representantes-do-lions-clube-juiz-de-fora-centro","status":"publish","type":"post","link":"https:\/\/aabbjf.com.br\/novo\/aabb-recebe-visita-de-representantes-do-lions-clube-juiz-de-fora-centro\/","title":{"rendered":"AABB recebe visita de representantes do Lions Clube Juiz de Fora \u2013 Centro"},"content":{"rendered":"\n<p class=\"has-text-align-center\">Durante as festividades do Dia das Crian\u00e7as no s\u00e1bado (11), a AABB tamb\u00e9m recebeu a visita de representantes do Lions Clube Juiz de Fora \u2013 Centro, comandado por sua presidente, Ros\u00e2ngela Portes.<\/p>\n\n\n\n<p class=\"has-text-align-center\">Por iniciativa do Lions Internacional, o segundo s\u00e1bado de cada m\u00eas \u00e9 considerado o D Lions, onde a entidade visita outros locais com a camisa divulgando seu compromisso: \u201cN\u00f3s servimos\u201d.<\/p>\n\n\n\n<p class=\"has-text-align-center\">Foto 1 (esq. p\/ dir.): Giselda Cardinelli (Lions Clube Juiz de Fora \u2013 Centro), Ant\u00f4nio Pereira de Carvalho Filho (Presidente da AABB-JF), Waleska Pereira da Costa (Lions Clube Juiz de Fora \u2013 Centro e ex-presidente da AABB-JF), S\u00e9rgio Alair Moreira Ribeiro (Presidente da AABB-JF) e Ros\u00e2ngela Portes (Lions Clube Juiz de Fora \u2013 Centro).<\/p>\n\n\n\n<figure class=\"wp-block-image size-large\"><a href=\"https:\/\/aabbjf.com.br\/novo\/wp-content\/uploads\/2025\/10\/11-2.jpg\"><img fetchpriority=\"high\" decoding=\"async\" width=\"819\" height=\"1024\" src=\"https:\/\/aabbjf.com.br\/novo\/wp-content\/uploads\/2025\/10\/11-2-819x1024.jpg\" alt=\"\" class=\"wp-image-36083\" srcset=\"https:\/\/aabbjf.com.br\/novo\/wp-content\/uploads\/2025\/10\/11-2-819x1024.jpg 819w, https:\/\/aabbjf.com.br\/novo\/wp-content\/uploads\/2025\/10\/11-2-240x300.jpg 240w, https:\/\/aabbjf.com.br\/novo\/wp-content\/uploads\/2025\/10\/11-2-768x960.jpg 768w, https:\/\/aabbjf.com.br\/novo\/wp-content\/uploads\/2025\/10\/11-2.jpg 1080w\" sizes=\"(max-width: 819px) 100vw, 819px\" \/><\/a><\/figure>\n\n\n\n<p class=\"has-text-align-center\">Foto 2 (esq. p\/ dir.): Ant\u00f4nio Pereira de Carvalho Filho (Presidente da AABB-JF &#8211; 1984\/1986, 1987\/1989, 2023 e 2024\/2027), Waleska Pereira da Costa (Presidente da AABB-JF &#8211; 2004\/2007) e S\u00e9rgio Alair Moreira Ribeiro (Presidente da AABB-JF &#8211; 2001\/2004).<\/p>\n","protected":false},"excerpt":{"rendered":"<p>Durante as festividades do Dia das Crian\u00e7as no s\u00e1bado (11), a AABB tamb\u00e9m recebeu a visita de representantes do Lions Clube Juiz de Fora \u2013 Centro, comandado por sua presidente, Ros\u00e2ngela Portes. Por iniciativa do Lions Internacional, o segundo s\u00e1bado de cada m\u00eas \u00e9 considerado o D Lions, onde a entidade visita outros locais com [&hellip;]<\/p>\n","protected":false},"author":2,"featured_media":36082,"comment_status":"closed","ping_status":"closed","sticky":false,"template":"","format":"standard","meta":{"footnotes":""},"categories":[1,14],"tags":[],"_links":{"self":[{"href":"https:\/\/aabbjf.com.br\/novo\/wp-json\/wp\/v2\/posts\/36081"}],"collection":[{"href":"https:\/\/aabbjf.com.br\/novo\/wp-json\/wp\/v2\/posts"}],"about":[{"href":"https:\/\/aabbjf.com.br\/novo\/wp-json\/wp\/v2\/types\/post"}],"author":[{"embeddable":true,"href":"https:\/\/aabbjf.com.br\/novo\/wp-json\/wp\/v2\/users\/2"}],"replies":[{"embeddable":true,"href":"https:\/\/aabbjf.com.br\/novo\/wp-json\/wp\/v2\/comments?post=36081"}],"version-history":[{"count":1,"href":"https:\/\/aabbjf.com.br\/novo\/wp-json\/wp\/v2\/posts\/36081\/revisions"}],"predecessor-version":[{"id":36084,"href":"https:\/\/aabbjf.com.br\/novo\/wp-json\/wp\/v2\/posts\/36081\/revisions\/36084"}],"wp:featuredmedia":[{"embeddable":true,"href":"https:\/\/aabbjf.com.br\/novo\/wp-json\/wp\/v2\/media\/36082"}],"wp:attachment":[{"href":"https:\/\/aabbjf.com.br\/novo\/wp-json\/wp\/v2\/media?parent=36081"}],"wp:term":[{"taxonomy":"category","embeddable":true,"href":"https:\/\/aabbjf.com.br\/novo\/wp-json\/wp\/v2\/categories?post=36081"},{"taxonomy":"post_tag","embeddable":true,"href":"https:\/\/aabbjf.com.br\/novo\/wp-json\/wp\/v2\/tags?post=36081"}],"curies":[{"name":"wp","href":"https:\/\/api.w.org\/{rel}","templated":true}]}}