{"id":26820,"date":"2023-07-04T11:12:57","date_gmt":"2023-07-04T14:12:57","guid":{"rendered":"https:\/\/aabbjf.com.br\/novo\/?p=26820"},"modified":"2023-07-04T11:16:04","modified_gmt":"2023-07-04T14:16:04","slug":"seletiva-de-beach-tennis-para-a-disputa-da-jemab-mg-2023","status":"publish","type":"post","link":"https:\/\/aabbjf.com.br\/novo\/seletiva-de-beach-tennis-para-a-disputa-da-jemab-mg-2023\/","title":{"rendered":"Seletiva de Beach Tennis para a disputa da JEMAB-MG 2023"},"content":{"rendered":"<p style=\"text-align: center;\">Cinco duplas estiveram participando da seletiva para se definir os representantes de Juiz de Fora em Beach Tennis durante a disputa da <strong>Jornada Esportiva Microrregional de AABBs em Minas Gerais 2023 (JEMAB-MG 2023)<\/strong>, que reunir\u00e1 na AABB-JF nos dias 08 e 09 de julho suas co-irm\u00e3s da Zona da Mata. A dupla formada por Sinei e Eduardo foi a campe\u00e3 da seletiva. Confira os resultados dos jogos:<\/p>\n<p style=\"text-align: center;\"><strong>Jogo 1:<\/strong><\/p>\n<p style=\"text-align: center;\">Alex \/ Thiago 2 x 0 Dimas \/ Wellington<\/p>\n<p style=\"text-align: center;\"><strong>Jogo 2:<\/strong><\/p>\n<p style=\"text-align: center;\">Sinei \/ Eduardo 2 x 0 Kiarley \/ Birigui<\/p>\n<p style=\"text-align: center;\"><strong>Jogo 3:<\/strong><\/p>\n<p style=\"text-align: center;\">Renan \/ Rodrigo 2 x 0 Thiago \/ Alex<\/p>\n<p style=\"text-align: center;\"><strong>Final:<\/strong><\/p>\n<p style=\"text-align: center;\">Sinei \/ Eduardo 2 x 0 Renan \/ Rodrigo<\/p>\n<p style=\"text-align: center;\"><a href=\"https:\/\/aabbjf.com.br\/novo\/wp-content\/uploads\/2023\/07\/0.jpg\"><img fetchpriority=\"high\" decoding=\"async\" class=\"alignnone size-full wp-image-26821\" src=\"https:\/\/aabbjf.com.br\/novo\/wp-content\/uploads\/2023\/07\/0.jpg\" alt=\"\" width=\"1100\" height=\"1100\" srcset=\"https:\/\/aabbjf.com.br\/novo\/wp-content\/uploads\/2023\/07\/0.jpg 1100w, https:\/\/aabbjf.com.br\/novo\/wp-content\/uploads\/2023\/07\/0-300x300.jpg 300w, https:\/\/aabbjf.com.br\/novo\/wp-content\/uploads\/2023\/07\/0-1024x1024.jpg 1024w, https:\/\/aabbjf.com.br\/novo\/wp-content\/uploads\/2023\/07\/0-150x150.jpg 150w, https:\/\/aabbjf.com.br\/novo\/wp-content\/uploads\/2023\/07\/0-768x768.jpg 768w, https:\/\/aabbjf.com.br\/novo\/wp-content\/uploads\/2023\/07\/0-70x70.jpg 70w\" sizes=\"(max-width: 1100px) 100vw, 1100px\" \/><\/a><\/p>\n<p style=\"text-align: center;\">[divider]<\/p>\n<p style=\"text-align: center;\"><a href=\"https:\/\/aabbjf.com.br\/novo\/wp-content\/uploads\/2023\/07\/1-1.jpg\"><img decoding=\"async\" class=\"alignnone size-full wp-image-26824\" src=\"https:\/\/aabbjf.com.br\/novo\/wp-content\/uploads\/2023\/07\/1-1.jpg\" alt=\"\" width=\"1100\" height=\"825\" srcset=\"https:\/\/aabbjf.com.br\/novo\/wp-content\/uploads\/2023\/07\/1-1.jpg 1100w, https:\/\/aabbjf.com.br\/novo\/wp-content\/uploads\/2023\/07\/1-1-300x225.jpg 300w, https:\/\/aabbjf.com.br\/novo\/wp-content\/uploads\/2023\/07\/1-1-1024x768.jpg 1024w, https:\/\/aabbjf.com.br\/novo\/wp-content\/uploads\/2023\/07\/1-1-768x576.jpg 768w\" sizes=\"(max-width: 1100px) 100vw, 1100px\" \/><\/a><strong>As duplas de Beach Tennis da AABB, formadas por Renan \/ Rodrigo, Tha\u00eds \/ Raquel e Thiago \/ Paola estiveram participando do torneio comemorativo \u00e0 inaugura\u00e7\u00e3o do Vila Clube, novo espa\u00e7o de esportes em Juiz de Fora, localizado no Bairro Maril\u00e2ndia. As duplas da AABB n\u00e3o passaram da fase de classifica\u00e7\u00e3o, mas valeu pela experi\u00eancia, pois foi o primeiro torneio de Beach Tennis praticado por alguns dos atletas do clube.<\/strong><\/p>\n<p style=\"text-align: center;\">[divider]<\/p>\n<p style=\"text-align: center;\"><a href=\"https:\/\/aabbjf.com.br\/novo\/wp-content\/uploads\/2023\/07\/1-2.jpg\"><img decoding=\"async\" class=\"alignnone size-full wp-image-26826\" src=\"https:\/\/aabbjf.com.br\/novo\/wp-content\/uploads\/2023\/07\/1-2.jpg\" alt=\"\" width=\"960\" height=\"1280\" srcset=\"https:\/\/aabbjf.com.br\/novo\/wp-content\/uploads\/2023\/07\/1-2.jpg 960w, https:\/\/aabbjf.com.br\/novo\/wp-content\/uploads\/2023\/07\/1-2-225x300.jpg 225w, https:\/\/aabbjf.com.br\/novo\/wp-content\/uploads\/2023\/07\/1-2-768x1024.jpg 768w\" sizes=\"(max-width: 960px) 100vw, 960px\" \/><\/a><strong>Praticantes ass\u00edduos de Beach Tennis na AABB a dupla formada por Kiarley e Birigui (foto) chegou \u00e0s semifinais em sua categoria durante a disputa do PQ TENNIS \/ FIT RUN DE BEACH TENNIS, realizado no PQ Tennis Center.<\/strong><\/p>\n","protected":false},"excerpt":{"rendered":"<p>Cinco duplas estiveram participando da seletiva para se definir os representantes de Juiz de Fora em Beach Tennis durante a disputa da Jornada Esportiva Microrregional de AABBs em Minas Gerais 2023 (JEMAB-MG 2023), que reunir\u00e1 na AABB-JF nos dias 08 e 09 de julho suas co-irm\u00e3s da Zona da Mata. A dupla formada por Sinei [&hellip;]<\/p>\n","protected":false},"author":2,"featured_media":26822,"comment_status":"open","ping_status":"open","sticky":false,"template":"","format":"standard","meta":{"footnotes":""},"categories":[16,13,1],"tags":[],"_links":{"self":[{"href":"https:\/\/aabbjf.com.br\/novo\/wp-json\/wp\/v2\/posts\/26820"}],"collection":[{"href":"https:\/\/aabbjf.com.br\/novo\/wp-json\/wp\/v2\/posts"}],"about":[{"href":"https:\/\/aabbjf.com.br\/novo\/wp-json\/wp\/v2\/types\/post"}],"author":[{"embeddable":true,"href":"https:\/\/aabbjf.com.br\/novo\/wp-json\/wp\/v2\/users\/2"}],"replies":[{"embeddable":true,"href":"https:\/\/aabbjf.com.br\/novo\/wp-json\/wp\/v2\/comments?post=26820"}],"version-history":[{"count":3,"href":"https:\/\/aabbjf.com.br\/novo\/wp-json\/wp\/v2\/posts\/26820\/revisions"}],"predecessor-version":[{"id":26827,"href":"https:\/\/aabbjf.com.br\/novo\/wp-json\/wp\/v2\/posts\/26820\/revisions\/26827"}],"wp:featuredmedia":[{"embeddable":true,"href":"https:\/\/aabbjf.com.br\/novo\/wp-json\/wp\/v2\/media\/26822"}],"wp:attachment":[{"href":"https:\/\/aabbjf.com.br\/novo\/wp-json\/wp\/v2\/media?parent=26820"}],"wp:term":[{"taxonomy":"category","embeddable":true,"href":"https:\/\/aabbjf.com.br\/novo\/wp-json\/wp\/v2\/categories?post=26820"},{"taxonomy":"post_tag","embeddable":true,"href":"https:\/\/aabbjf.com.br\/novo\/wp-json\/wp\/v2\/tags?post=26820"}],"curies":[{"name":"wp","href":"https:\/\/api.w.org\/{rel}","templated":true}]}}